{"id":1877,"date":"2018-09-16T10:27:11","date_gmt":"2018-09-16T08:27:11","guid":{"rendered":"http:\/\/kinoderkunst.de\/dev\/?p=1877"},"modified":"2018-09-21T20:09:46","modified_gmt":"2018-09-21T18:09:46","slug":"interlude-16-17-cinema-and-painting","status":"publish","type":"post","link":"https:\/\/kinoderkunst.de\/en\/interlude-16-17-cinema-and-painting\/","title":{"rendered":"Interlude 16\/17"},"content":{"rendered":"<h3>Film Series<br \/>\nCINEMA AND PAINTING<\/h3>\n<figure id=\"attachment_2209\" aria-describedby=\"caption-attachment-2209\" style=\"width: 640px\" class=\"wp-caption alignnone\"><img loading=\"lazy\" class=\"size-full wp-image-2209\" src=\"http:\/\/kinoderkunst.de\/dev\/wp-content\/uploads\/2018\/09\/M\u0142yn-i-krzyz\u0301_Polen2011_Regie-Lech-Majewski_Foto-Filmmuseum-Muenchen_Bild1.jpg\" alt=\"M\u0142yn-i-krzyz\u0301_Polen2011_Regie-Lech-Majewski_\" width=\"640\" height=\"427\" srcset=\"https:\/\/kinoderkunst.de\/wp-content\/uploads\/2018\/09\/M\u0142yn-i-krzyz\u0301_Polen2011_Regie-Lech-Majewski_Foto-Filmmuseum-Muenchen_Bild1.jpg 1200w, https:\/\/kinoderkunst.de\/wp-content\/uploads\/2018\/09\/M\u0142yn-i-krzyz\u0301_Polen2011_Regie-Lech-Majewski_Foto-Filmmuseum-Muenchen_Bild1-300x200.jpg 300w, https:\/\/kinoderkunst.de\/wp-content\/uploads\/2018\/09\/M\u0142yn-i-krzyz\u0301_Polen2011_Regie-Lech-Majewski_Foto-Filmmuseum-Muenchen_Bild1-768x512.jpg 768w, https:\/\/kinoderkunst.de\/wp-content\/uploads\/2018\/09\/M\u0142yn-i-krzyz\u0301_Polen2011_Regie-Lech-Majewski_Foto-Filmmuseum-Muenchen_Bild1-1024x683.jpg 1024w, https:\/\/kinoderkunst.de\/wp-content\/uploads\/2018\/09\/M\u0142yn-i-krzyz\u0301_Polen2011_Regie-Lech-Majewski_Foto-Filmmuseum-Muenchen_Bild1-150x100.jpg 150w\" sizes=\"(max-width: 640px) 100vw, 640px\" \/><figcaption id=\"caption-attachment-2209\" class=\"wp-caption-text\">M\u0142yn i krzyz\u0301, Polen2011, Regie: Lech Majewski<\/figcaption><\/figure>\n<h3>11\/01\/2016 \u2013 22\/02\/2016<br \/>\n<strong>FILMMUSEUM M\u00dcNCHEN<\/strong><\/h3>\n<p>From the fictional to the documentary treatment of the act of painting, from the biopic to the analytical essay \u2013 how film attempts to grasp as well as comprehend painting is illustrated by the series &#8220;Kino und Malerei&#8221; <em>(Cinema and Painting)<\/em>, using cinema films from recent decades that are both outstanding and unique in their approach. The films will be accompanied by personal introductions from art historians or artists.<\/p>\n<p><!--more--><\/p>\n<p><strong>11\/01\/2017 \u2013 M\u0142yn i krzy\u017a (The Mill and the Cross)<\/strong><br \/>\nPL 2011, 95\u2019, original version with German subtitles<br \/>\nDirected by: Lech Majewski, Starring: Rutger Hauer, Michael York, Charlotte Rampling<br \/>\n<strong>Introduction<\/strong>: Bernhard Maaz (General Director of the Bayerische Staatsgem\u00e4ldesammlungen)<\/p>\n<p><strong>18\/01\/2017 \u2013 Studien zu Monet (Im imagin\u00e4ren Museum)<\/strong><br \/>\nDE 2014,103 min. Directed by: Klaus Wyborny<br \/>\n<strong>Introduction<\/strong>: Klaus Wyborny (Filmemacher)<\/p>\n<p><strong>25\/01\/2017 \u2013 Caravaggio<\/strong><br \/>\nGB 1986, 93 min, OmU. Directed by: Derek Jarman, with: Nigel Terry, Sean Bean, Tilda Swinton<br \/>\n<strong>Introduction<\/strong>: Ulrich Pfisterer (Director of Zentralinstitut f\u00fcr Kunstgeschichte)<\/p>\n<p><strong>01\/02\/2017 \u2013 Love is the Devil (Studie f\u00fcr ein Portrait von Francis Bacon)<\/strong><br \/>\nGB 1998, 90 min, OmU. Directed by: John Maybury. With: Derek Jacobi, Daniel Craig, Tilda Swinton<br \/>\n<strong>Introduction<\/strong>: M+M (artist duo)<\/p>\n<p><strong>08\/02\/2017 \u2013 Frida Kahlo \u2013 Naturaleza Viva (Frida Kahlo \u2013 Es lebe das Leben)<\/strong><br \/>\nMX 1983, 108 min, OmU. Directed by: Paul Leduc. With Ofelia Medina, Juan Jos\u00e9 Gurrola, Salvador S\u00e1nchez<br \/>\n<strong>Introduction<\/strong>: Heinz Peter Schwerfel (Artistic Director, KINO DER KUNST)<\/p>\n<p><strong>15\/2\/2017 \u2013 El Sol del Membrillo (Dream of Light)<\/strong><br \/>\nES 1992, 133 min, OmeU. Directed by: Viktor Erice. With Antonio L\u00f3pez, Mar\u00eda Moreno, Enrique Gran, Mar\u00eda L\u00f3pez, Carmen L\u00f3pez<br \/>\n<strong>Introduction<\/strong>: Franziska St\u00f6hr (Curator, KINO DER KUNST)<\/p>\n<p><strong>22\/02\/2017 \u2013 Pollock<\/strong><br \/>\nUSA 2000, 122 min, OmU. Directed by: Ed Harris. With: Ed Harris, Marcia Gay Harden, Jennifer Connelly<br \/>\n<strong>Introduction<\/strong>: Carsten Fock (painter)<\/p>\n","protected":false},"excerpt":{"rendered":"<p>Film Series CINEMA AND PAINTING 11\/01\/2016 \u2013 22\/02\/2016 FILMMUSEUM M\u00dcNCHEN From the fictional to the documentary treatment of the act of painting, from the biopic to the analytical essay \u2013 how film attempts to grasp as well as comprehend painting is illustrated by the series &#8220;Kino und Malerei&#8221; (Cinema and Painting), using cinema films from [&hellip;]<\/p>\n","protected":false},"author":3,"featured_media":0,"comment_status":"open","ping_status":"open","sticky":false,"template":"","format":"standard","meta":[],"categories":[15],"tags":[52,53,26,39,34,37,24,23,27,73,38,31,33,20,32,35,36,22],"yoast_head":"<!-- This site is optimized with the Yoast SEO plugin v15.7 - https:\/\/yoast.com\/wordpress\/plugins\/seo\/ -->\n<title>Interlude 16\/17 &ndash; Kino der Kunst<\/title>\n<meta name=\"description\" content=\"Interlude 16\/17\" \/>\n<meta name=\"robots\" content=\"index, follow, max-snippet:-1, max-image-preview:large, max-video-preview:-1\" \/>\n<link rel=\"canonical\" href=\"https:\/\/kinoderkunst.de\/en\/interlude-16-17-cinema-and-painting\/\" \/>\n<meta property=\"og:locale\" content=\"en_US\" \/>\n<meta property=\"og:type\" content=\"article\" \/>\n<meta property=\"og:title\" content=\"Interlude 16\/17 &ndash; Kino der Kunst\" \/>\n<meta property=\"og:description\" content=\"Interlude 16\/17\" \/>\n<meta property=\"og:url\" content=\"https:\/\/kinoderkunst.de\/en\/interlude-16-17-cinema-and-painting\/\" \/>\n<meta property=\"og:site_name\" content=\"Kino der Kunst\" \/>\n<meta property=\"article:publisher\" content=\"https:\/\/www.facebook.com\/KinoderKunst\/\" \/>\n<meta property=\"article:published_time\" content=\"2018-09-16T08:27:11+00:00\" \/>\n<meta property=\"article:modified_time\" content=\"2018-09-21T18:09:46+00:00\" \/>\n<meta property=\"og:image\" content=\"http:\/\/kinoderkunst.de\/dev\/wp-content\/uploads\/2018\/09\/M\u0142yn-i-krzyz\u0301_Polen2011_Regie-Lech-Majewski_Foto-Filmmuseum-Muenchen_Bild1.jpg\" \/>\n<meta name=\"twitter:card\" content=\"summary_large_image\" \/>\n<meta name=\"twitter:creator\" content=\"@kinoderkunst\" \/>\n<meta name=\"twitter:site\" content=\"@kinoderkunst\" \/>\n<meta name=\"twitter:label1\" content=\"Est. reading time\">\n\t<meta name=\"twitter:data1\" content=\"1 minute\">\n<script type=\"application\/ld+json\" class=\"yoast-schema-graph\">{\"@context\":\"https:\/\/schema.org\",\"@graph\":[{\"@type\":\"WebSite\",\"@id\":\"https:\/\/kinoderkunst.de\/de\/#website\",\"url\":\"https:\/\/kinoderkunst.de\/de\/\",\"name\":\"Kino der Kunst\",\"description\":\"\",\"potentialAction\":[{\"@type\":\"SearchAction\",\"target\":\"https:\/\/kinoderkunst.de\/de\/?s={search_term_string}\",\"query-input\":\"required name=search_term_string\"}],\"inLanguage\":\"en-US\"},{\"@type\":\"ImageObject\",\"@id\":\"https:\/\/kinoderkunst.de\/en\/interlude-16-17-cinema-and-painting\/#primaryimage\",\"inLanguage\":\"en-US\",\"url\":\"http:\/\/kinoderkunst.de\/dev\/wp-content\/uploads\/2018\/09\/M\\u0142yn-i-krzyz\\u0301_Polen2011_Regie-Lech-Majewski_Foto-Filmmuseum-Muenchen_Bild1.jpg\"},{\"@type\":\"WebPage\",\"@id\":\"https:\/\/kinoderkunst.de\/en\/interlude-16-17-cinema-and-painting\/#webpage\",\"url\":\"https:\/\/kinoderkunst.de\/en\/interlude-16-17-cinema-and-painting\/\",\"name\":\"Interlude 16\/17 &ndash; Kino der Kunst\",\"isPartOf\":{\"@id\":\"https:\/\/kinoderkunst.de\/de\/#website\"},\"primaryImageOfPage\":{\"@id\":\"https:\/\/kinoderkunst.de\/en\/interlude-16-17-cinema-and-painting\/#primaryimage\"},\"datePublished\":\"2018-09-16T08:27:11+00:00\",\"dateModified\":\"2018-09-21T18:09:46+00:00\",\"author\":{\"@id\":\"https:\/\/kinoderkunst.de\/de\/#\/schema\/person\/b763d3ee3138538d007d1af595cada1b\"},\"description\":\"Interlude 16\/17\",\"inLanguage\":\"en-US\",\"potentialAction\":[{\"@type\":\"ReadAction\",\"target\":[\"https:\/\/kinoderkunst.de\/en\/interlude-16-17-cinema-and-painting\/\"]}]},{\"@type\":\"Person\",\"@id\":\"https:\/\/kinoderkunst.de\/de\/#\/schema\/person\/b763d3ee3138538d007d1af595cada1b\",\"name\":\"bialas@kinoderkunst.de\",\"image\":{\"@type\":\"ImageObject\",\"@id\":\"https:\/\/kinoderkunst.de\/de\/#personlogo\",\"inLanguage\":\"en-US\",\"url\":\"https:\/\/secure.gravatar.com\/avatar\/b389043f93bf30829683a3cb9f41d68e?s=96&d=mm&r=g\",\"caption\":\"bialas@kinoderkunst.de\"}}]}<\/script>\n<!-- \/ Yoast SEO plugin. -->","_links":{"self":[{"href":"https:\/\/kinoderkunst.de\/en\/wp-json\/wp\/v2\/posts\/1877"}],"collection":[{"href":"https:\/\/kinoderkunst.de\/en\/wp-json\/wp\/v2\/posts"}],"about":[{"href":"https:\/\/kinoderkunst.de\/en\/wp-json\/wp\/v2\/types\/post"}],"author":[{"embeddable":true,"href":"https:\/\/kinoderkunst.de\/en\/wp-json\/wp\/v2\/users\/3"}],"replies":[{"embeddable":true,"href":"https:\/\/kinoderkunst.de\/en\/wp-json\/wp\/v2\/comments?post=1877"}],"version-history":[{"count":17,"href":"https:\/\/kinoderkunst.de\/en\/wp-json\/wp\/v2\/posts\/1877\/revisions"}],"predecessor-version":[{"id":2717,"href":"https:\/\/kinoderkunst.de\/en\/wp-json\/wp\/v2\/posts\/1877\/revisions\/2717"}],"wp:attachment":[{"href":"https:\/\/kinoderkunst.de\/en\/wp-json\/wp\/v2\/media?parent=1877"}],"wp:term":[{"taxonomy":"category","embeddable":true,"href":"https:\/\/kinoderkunst.de\/en\/wp-json\/wp\/v2\/categories?post=1877"},{"taxonomy":"post_tag","embeddable":true,"href":"https:\/\/kinoderkunst.de\/en\/wp-json\/wp\/v2\/tags?post=1877"}],"curies":[{"name":"wp","href":"https:\/\/api.w.org\/{rel}","templated":true}]}}